{"id":10104,"date":"2013-10-08T12:52:58","date_gmt":"2013-10-08T10:52:58","guid":{"rendered":"http:\/\/www.maxima-dia.com\/?p=10104"},"modified":"2014-07-30T17:52:30","modified_gmt":"2014-07-30T15:52:30","slug":"maxima-en-el-madeexpo","status":"publish","type":"post","link":"https:\/\/www.maxima-dia.com\/es\/maxima-en-el-madeexpo\/","title":{"rendered":"M\u00e1xima en el MadeExpo"},"content":{"rendered":"<h3>M\u00e1xima en el MadeExpo \u2013 El \u00e9xito de la excelencia<\/h3>\n<div id=\"attachment_6508\" style=\"width: 310px\" class=\"wp-caption alignleft\"><a href=\"\/wp-content\/uploads\/2013\/10\/foto_made_expo-1024x694.jpg\"><img loading=\"lazy\" decoding=\"async\" aria-describedby=\"caption-attachment-6508\" class=\"  wp-image-6508\" title=\"M\u00e1xima ha participado en el Made Expo 2013\" src=\"\/wp-content\/uploads\/2013\/10\/foto_made_expo-300x203.jpg\" alt=\"M\u00e1xima ha participado en el Made Expo 2013\" width=\"300\" height=\"203\" srcset=\"https:\/\/www.maxima-dia.com\/wp-content\/uploads\/2013\/10\/foto_made_expo-300x203.jpg 300w, https:\/\/www.maxima-dia.com\/wp-content\/uploads\/2013\/10\/foto_made_expo-1024x694.jpg 1024w, https:\/\/www.maxima-dia.com\/wp-content\/uploads\/2013\/10\/foto_made_expo-120x80.jpg 120w, https:\/\/www.maxima-dia.com\/wp-content\/uploads\/2013\/10\/foto_made_expo.jpg 1632w\" sizes=\"(max-width: 300px) 100vw, 300px\" \/><\/a><p id=\"caption-attachment-6508\" class=\"wp-caption-text\">M\u00e1xima ha participado en el Made Expo 2013<\/p><\/div>\n<p>Made expo ha cerrado sus puertas con m\u00e1s de 210 mil visitantes, de los cuales m\u00e1s de 35 mil han llegado desde el extranjero para ver y experimentar lo mejor de la tecnolog\u00eda para el mundo de la construcci\u00f3n y de la creatividad italiana. Muchos profesionales han aprovechado esta oportunidad para visitar el stand que M\u00e1xima ha preparado durante esta importante manifestaci\u00f3n. El equipo de la sociedad emiliana los ha recibido con la usual profesionalidad, describiendo las caracter\u00edsticas t\u00e9cnicas y comerciales de los productos que se expon\u00edan.<\/p>\n<p>\u201cLa participaci\u00f3n en una manifestaci\u00f3n como Made expo \u2013 ha declarado Nicola Fabbi, vicepresidente de M\u00e1xima SpA \u2013 es muy importante para una instituci\u00f3n como la nuestra: nos permite conocer personalmente a los profesionales que trabajan en el campo de las construcciones y presentarles nuestras soluciones. Adem\u00e1s ha sido la oportunidad para explicarles nuestro servicio de alquiler MaxiRent, un servicio que encuentra siempre m\u00e1s el favor de los que trabajan en este sector\u201d.<\/p>\n<p>El\u00a0Servicio de alquiler MaxiRent\u00a0ha sido el denominador com\u00fan de esta manifestaci\u00f3n. De hecho, todo lo que estaba presente en el stand pertenece a los productos que M\u00e1xima permite alquilar, con gran satisfacci\u00f3n de todas las partes involucradas: clientes y revendedores. Los primeros pueden acceder, con un gasto seguro, a los instrumentos mejores para su trabajo, mientras que los revendedores pueden satisfacer a sus clientes proponiendo una oferta de servicios y de productos al alcance de todo el mundo.<\/p>\n<p>Es posible alquilar juegos para la perforaci\u00f3n en seco o en h\u00famedo. M\u00e1xima es el \u00fanico proveedor de productos para la construcci\u00f3n que tiene en su cat\u00e1logo soluciones que permiten perforar en seco el cemento armado: El\u00a0<a title=\"Caromax 1800\" href=\"\/es\/products\/perforadora-manual-profesional-caromax-1800\/\"><strong>Caromax 1800<\/strong><\/a>\u00a0con las brocas de diamante de la serie\u00a0<a title=\"Broca L\u00e1ser 250\" href=\"\/es\/products\/broca-de-diamante-laser-250\/\"><strong>Laser Oro 250<\/strong>\u00a0<\/a>e\u00a0<a title=\"Broca De Diamante L\u00e1ser Oro Spiral\" href=\"\/es\/products\/broca-de-diamante-laser-oro-spiral\/\"><strong>Laser Oro Spiral<\/strong><\/a>.. Adem\u00e1s las m\u00e1quinas para construcci\u00f3n para cortar baldosas, ladrillos, cemento y muchos otros materiales\u00a0pueden alquilarse durante el tiempo necesario\u00a0para completar el trabajo. Siempre se suministran con un disco de diamante, el que resulta m\u00e1s apto entre los muchos que est\u00e1n presentes en el cat\u00e1logo M\u00e1xima. Este \u00faltimo no se paga por jornadas de alquiler, sino seg\u00fan el consumo.<\/p>\n<p>Los que han visitado el stand tambi\u00e9n han podido ver la amplia gama de discos de diamante que propone la Empresa Emiliana. Detr\u00e1s de este producto, a la primera vista muy simple, en realidad est\u00e1 un mundo de investigaci\u00f3n y de pruebas, para encontrar la combinaci\u00f3n correcta entre polvo de diamante y colante, y crear de esta forma segmentos de diamante que pueden cortar de forma precisa, r\u00e1pida y con una duraci\u00f3n correcta en el tiempo. Cada material necesita un disco espec\u00edfico, pero en el cat\u00e1logo tambi\u00e9n est\u00e1 el disco L\u00e1ser Argento, un producto vers\u00e1til que puede cortar materiales distintos que se utilizan en la construcci\u00f3n, y tambi\u00e9n perfilados, hierro y fundici\u00f3n. Un producto que nunca deber\u00eda faltar en una obra.<\/p>\n<p>M\u00e1xima participar\u00e1 en la pr\u00f3xima\u00a0<a href=\"http:\/\/www.mcexpocomfort.it\/\" target=\"_blank\">Exposici\u00f3n Congreso Expo Confort, en el mes de marzo 2014 en la Feria de Mil\u00e1n Rho.<\/a><\/p>\n<p style=\"text-align: justify;\">El stand para esa oportunidad se preparar\u00e1 con las soluciones innovadoras para la perforaci\u00f3n profesional de todos los materiales de construcci\u00f3n, desde el gres porcel\u00e1nico hasta el cemento armado en seco.<\/p>\n","protected":false},"excerpt":{"rendered":"<p>M\u00e1xima en el MadeExpo \u2013 El \u00e9xito de la excelencia Made expo ha cerrado sus puertas con m\u00e1s de 210 mil visitantes, de los cuales m\u00e1s de 35 mil han llegado desde el extranjero para ver y experimentar lo mejor de la tecnolog\u00eda para el mundo de la construcci\u00f3n y de la creatividad italiana. Muchos profesionales han aprovechado esta oportunidad para visitar el stand que M\u00e1xima ha preparado durante esta importante manifestaci\u00f3n. El equipo de la sociedad emiliana los ha recibido con la usual profesionalidad, describiendo las caracter\u00edsticas t\u00e9cnicas y comerciales de los productos que se expon\u00edan. \u201cLa participaci\u00f3n en una manifestaci\u00f3n como Made expo \u2013 ha declarado Nicola Fabbi, vicepresidente de M\u00e1xima SpA \u2013 es muy importante para una instituci\u00f3n como la nuestra: nos permite conocer personalmente a los profesionales que trabajan en el campo de las construcciones y presentarles nuestras soluciones. Adem\u00e1s ha sido la oportunidad para explicarles nuestro servicio de alquiler MaxiRent, un servicio que encuentra siempre m\u00e1s el favor de los que trabajan en este sector\u201d. El\u00a0Servicio de alquiler MaxiRent\u00a0ha sido el denominador com\u00fan de esta manifestaci\u00f3n. De hecho, todo lo que estaba presente en el stand pertenece a los productos que M\u00e1xima permite alquilar, con [&hellip;]<\/p>\n","protected":false},"author":29,"featured_media":6508,"comment_status":"closed","ping_status":"closed","sticky":false,"template":"","format":"standard","meta":{"ngg_post_thumbnail":0,"_joinchat":[],"footnotes":""},"categories":[223],"tags":[],"class_list":["post-10104","post","type-post","status-publish","format-standard","has-post-thumbnail","hentry","category-noticias"],"yoast_head":"<!-- This site is optimized with the Yoast SEO plugin v25.5 - https:\/\/yoast.com\/wordpress\/plugins\/seo\/ -->\n<title>M\u00e1xima en el MadeExpo - Maxima SpA<\/title>\n<meta name=\"description\" content=\"M\u00e1xima en el MadeExpo\" \/>\n<meta name=\"robots\" content=\"index, follow, max-snippet:-1, max-image-preview:large, max-video-preview:-1\" \/>\n<link rel=\"canonical\" href=\"https:\/\/www.maxima-dia.com\/es\/maxima-en-el-madeexpo\/\" \/>\n<meta property=\"og:locale\" content=\"es_ES\" \/>\n<meta property=\"og:type\" content=\"article\" \/>\n<meta property=\"og:title\" content=\"M\u00e1xima en el MadeExpo - Maxima SpA\" \/>\n<meta property=\"og:description\" content=\"M\u00e1xima en el MadeExpo\" \/>\n<meta property=\"og:url\" content=\"https:\/\/www.maxima-dia.com\/es\/maxima-en-el-madeexpo\/\" \/>\n<meta property=\"og:site_name\" content=\"Maxima SpA\" \/>\n<meta property=\"article:publisher\" content=\"https:\/\/www.facebook.com\/Maxima-spa-106098566139597\" \/>\n<meta property=\"article:published_time\" content=\"2013-10-08T10:52:58+00:00\" \/>\n<meta property=\"article:modified_time\" content=\"2014-07-30T15:52:30+00:00\" \/>\n<meta property=\"og:image\" content=\"https:\/\/www.maxima-dia.com\/wp-content\/uploads\/2013\/10\/foto_made_expo.jpg\" \/>\n\t<meta property=\"og:image:width\" content=\"1632\" \/>\n\t<meta property=\"og:image:height\" content=\"1107\" \/>\n\t<meta property=\"og:image:type\" content=\"image\/jpeg\" \/>\n<meta name=\"author\" content=\"Digital Manager\" \/>\n<meta name=\"twitter:card\" content=\"summary_large_image\" \/>\n<meta name=\"twitter:creator\" content=\"@Maximadia\" \/>\n<meta name=\"twitter:site\" content=\"@Maximadia\" \/>\n<meta name=\"twitter:label1\" content=\"Escrito por\" \/>\n\t<meta name=\"twitter:data1\" content=\"Digital Manager\" \/>\n\t<meta name=\"twitter:label2\" content=\"Tiempo de lectura\" \/>\n\t<meta name=\"twitter:data2\" content=\"3 minutos\" \/>\n<script type=\"application\/ld+json\" class=\"yoast-schema-graph\">{\"@context\":\"https:\/\/schema.org\",\"@graph\":[{\"@type\":\"WebPage\",\"@id\":\"https:\/\/www.maxima-dia.com\/es\/maxima-en-el-madeexpo\/\",\"url\":\"https:\/\/www.maxima-dia.com\/es\/maxima-en-el-madeexpo\/\",\"name\":\"M\u00e1xima en el MadeExpo - Maxima SpA\",\"isPartOf\":{\"@id\":\"https:\/\/www.maxima-dia.com\/es\/#website\"},\"primaryImageOfPage\":{\"@id\":\"https:\/\/www.maxima-dia.com\/es\/maxima-en-el-madeexpo\/#primaryimage\"},\"image\":{\"@id\":\"https:\/\/www.maxima-dia.com\/es\/maxima-en-el-madeexpo\/#primaryimage\"},\"thumbnailUrl\":\"https:\/\/www.maxima-dia.com\/wp-content\/uploads\/2013\/10\/foto_made_expo.jpg\",\"datePublished\":\"2013-10-08T10:52:58+00:00\",\"dateModified\":\"2014-07-30T15:52:30+00:00\",\"author\":{\"@id\":\"https:\/\/www.maxima-dia.com\/es\/#\/schema\/person\/b56c543c7ed2a08765d1a33972c695f0\"},\"description\":\"M\u00e1xima en el MadeExpo\",\"breadcrumb\":{\"@id\":\"https:\/\/www.maxima-dia.com\/es\/maxima-en-el-madeexpo\/#breadcrumb\"},\"inLanguage\":\"es\",\"potentialAction\":[{\"@type\":\"ReadAction\",\"target\":[\"https:\/\/www.maxima-dia.com\/es\/maxima-en-el-madeexpo\/\"]}]},{\"@type\":\"ImageObject\",\"inLanguage\":\"es\",\"@id\":\"https:\/\/www.maxima-dia.com\/es\/maxima-en-el-madeexpo\/#primaryimage\",\"url\":\"https:\/\/www.maxima-dia.com\/wp-content\/uploads\/2013\/10\/foto_made_expo.jpg\",\"contentUrl\":\"https:\/\/www.maxima-dia.com\/wp-content\/uploads\/2013\/10\/foto_made_expo.jpg\",\"width\":1632,\"height\":1107,\"caption\":\"Maxima ha partecipato al Made Expo 2013\"},{\"@type\":\"BreadcrumbList\",\"@id\":\"https:\/\/www.maxima-dia.com\/es\/maxima-en-el-madeexpo\/#breadcrumb\",\"itemListElement\":[{\"@type\":\"ListItem\",\"position\":1,\"name\":\"Home\",\"item\":\"https:\/\/www.maxima-dia.com\/es\/\"},{\"@type\":\"ListItem\",\"position\":2,\"name\":\"M\u00e1xima en el MadeExpo\"}]},{\"@type\":\"WebSite\",\"@id\":\"https:\/\/www.maxima-dia.com\/es\/#website\",\"url\":\"https:\/\/www.maxima-dia.com\/es\/\",\"name\":\"Maxima SpA\",\"description\":\"Only for the real professionals\",\"potentialAction\":[{\"@type\":\"SearchAction\",\"target\":{\"@type\":\"EntryPoint\",\"urlTemplate\":\"https:\/\/www.maxima-dia.com\/es\/?s={search_term_string}\"},\"query-input\":{\"@type\":\"PropertyValueSpecification\",\"valueRequired\":true,\"valueName\":\"search_term_string\"}}],\"inLanguage\":\"es\"},{\"@type\":\"Person\",\"@id\":\"https:\/\/www.maxima-dia.com\/es\/#\/schema\/person\/b56c543c7ed2a08765d1a33972c695f0\",\"name\":\"Digital Manager\",\"image\":{\"@type\":\"ImageObject\",\"inLanguage\":\"es\",\"@id\":\"https:\/\/www.maxima-dia.com\/es\/#\/schema\/person\/image\/\",\"url\":\"https:\/\/secure.gravatar.com\/avatar\/6ace30b4aae45b5ebe0ab891f12f37f0?s=96&d=blank&r=g\",\"contentUrl\":\"https:\/\/secure.gravatar.com\/avatar\/6ace30b4aae45b5ebe0ab891f12f37f0?s=96&d=blank&r=g\",\"caption\":\"Digital Manager\"},\"url\":\"https:\/\/www.maxima-dia.com\/es\/author\/digitalmanager\/\"}]}<\/script>\n<!-- \/ Yoast SEO plugin. -->","yoast_head_json":{"title":"M\u00e1xima en el MadeExpo - Maxima SpA","description":"M\u00e1xima en el MadeExpo","robots":{"index":"index","follow":"follow","max-snippet":"max-snippet:-1","max-image-preview":"max-image-preview:large","max-video-preview":"max-video-preview:-1"},"canonical":"https:\/\/www.maxima-dia.com\/es\/maxima-en-el-madeexpo\/","og_locale":"es_ES","og_type":"article","og_title":"M\u00e1xima en el MadeExpo - Maxima SpA","og_description":"M\u00e1xima en el MadeExpo","og_url":"https:\/\/www.maxima-dia.com\/es\/maxima-en-el-madeexpo\/","og_site_name":"Maxima SpA","article_publisher":"https:\/\/www.facebook.com\/Maxima-spa-106098566139597","article_published_time":"2013-10-08T10:52:58+00:00","article_modified_time":"2014-07-30T15:52:30+00:00","og_image":[{"width":1632,"height":1107,"url":"https:\/\/www.maxima-dia.com\/wp-content\/uploads\/2013\/10\/foto_made_expo.jpg","type":"image\/jpeg"}],"author":"Digital Manager","twitter_card":"summary_large_image","twitter_creator":"@Maximadia","twitter_site":"@Maximadia","twitter_misc":{"Escrito por":"Digital Manager","Tiempo de lectura":"3 minutos"},"schema":{"@context":"https:\/\/schema.org","@graph":[{"@type":"WebPage","@id":"https:\/\/www.maxima-dia.com\/es\/maxima-en-el-madeexpo\/","url":"https:\/\/www.maxima-dia.com\/es\/maxima-en-el-madeexpo\/","name":"M\u00e1xima en el MadeExpo - Maxima SpA","isPartOf":{"@id":"https:\/\/www.maxima-dia.com\/es\/#website"},"primaryImageOfPage":{"@id":"https:\/\/www.maxima-dia.com\/es\/maxima-en-el-madeexpo\/#primaryimage"},"image":{"@id":"https:\/\/www.maxima-dia.com\/es\/maxima-en-el-madeexpo\/#primaryimage"},"thumbnailUrl":"https:\/\/www.maxima-dia.com\/wp-content\/uploads\/2013\/10\/foto_made_expo.jpg","datePublished":"2013-10-08T10:52:58+00:00","dateModified":"2014-07-30T15:52:30+00:00","author":{"@id":"https:\/\/www.maxima-dia.com\/es\/#\/schema\/person\/b56c543c7ed2a08765d1a33972c695f0"},"description":"M\u00e1xima en el MadeExpo","breadcrumb":{"@id":"https:\/\/www.maxima-dia.com\/es\/maxima-en-el-madeexpo\/#breadcrumb"},"inLanguage":"es","potentialAction":[{"@type":"ReadAction","target":["https:\/\/www.maxima-dia.com\/es\/maxima-en-el-madeexpo\/"]}]},{"@type":"ImageObject","inLanguage":"es","@id":"https:\/\/www.maxima-dia.com\/es\/maxima-en-el-madeexpo\/#primaryimage","url":"https:\/\/www.maxima-dia.com\/wp-content\/uploads\/2013\/10\/foto_made_expo.jpg","contentUrl":"https:\/\/www.maxima-dia.com\/wp-content\/uploads\/2013\/10\/foto_made_expo.jpg","width":1632,"height":1107,"caption":"Maxima ha partecipato al Made Expo 2013"},{"@type":"BreadcrumbList","@id":"https:\/\/www.maxima-dia.com\/es\/maxima-en-el-madeexpo\/#breadcrumb","itemListElement":[{"@type":"ListItem","position":1,"name":"Home","item":"https:\/\/www.maxima-dia.com\/es\/"},{"@type":"ListItem","position":2,"name":"M\u00e1xima en el MadeExpo"}]},{"@type":"WebSite","@id":"https:\/\/www.maxima-dia.com\/es\/#website","url":"https:\/\/www.maxima-dia.com\/es\/","name":"Maxima SpA","description":"Only for the real professionals","potentialAction":[{"@type":"SearchAction","target":{"@type":"EntryPoint","urlTemplate":"https:\/\/www.maxima-dia.com\/es\/?s={search_term_string}"},"query-input":{"@type":"PropertyValueSpecification","valueRequired":true,"valueName":"search_term_string"}}],"inLanguage":"es"},{"@type":"Person","@id":"https:\/\/www.maxima-dia.com\/es\/#\/schema\/person\/b56c543c7ed2a08765d1a33972c695f0","name":"Digital Manager","image":{"@type":"ImageObject","inLanguage":"es","@id":"https:\/\/www.maxima-dia.com\/es\/#\/schema\/person\/image\/","url":"https:\/\/secure.gravatar.com\/avatar\/6ace30b4aae45b5ebe0ab891f12f37f0?s=96&d=blank&r=g","contentUrl":"https:\/\/secure.gravatar.com\/avatar\/6ace30b4aae45b5ebe0ab891f12f37f0?s=96&d=blank&r=g","caption":"Digital Manager"},"url":"https:\/\/www.maxima-dia.com\/es\/author\/digitalmanager\/"}]}},"_links":{"self":[{"href":"https:\/\/www.maxima-dia.com\/es\/wp-json\/wp\/v2\/posts\/10104"}],"collection":[{"href":"https:\/\/www.maxima-dia.com\/es\/wp-json\/wp\/v2\/posts"}],"about":[{"href":"https:\/\/www.maxima-dia.com\/es\/wp-json\/wp\/v2\/types\/post"}],"author":[{"embeddable":true,"href":"https:\/\/www.maxima-dia.com\/es\/wp-json\/wp\/v2\/users\/29"}],"replies":[{"embeddable":true,"href":"https:\/\/www.maxima-dia.com\/es\/wp-json\/wp\/v2\/comments?post=10104"}],"version-history":[{"count":0,"href":"https:\/\/www.maxima-dia.com\/es\/wp-json\/wp\/v2\/posts\/10104\/revisions"}],"wp:featuredmedia":[{"embeddable":true,"href":"https:\/\/www.maxima-dia.com\/es\/wp-json\/wp\/v2\/media\/6508"}],"wp:attachment":[{"href":"https:\/\/www.maxima-dia.com\/es\/wp-json\/wp\/v2\/media?parent=10104"}],"wp:term":[{"taxonomy":"category","embeddable":true,"href":"https:\/\/www.maxima-dia.com\/es\/wp-json\/wp\/v2\/categories?post=10104"},{"taxonomy":"post_tag","embeddable":true,"href":"https:\/\/www.maxima-dia.com\/es\/wp-json\/wp\/v2\/tags?post=10104"}],"curies":[{"name":"wp","href":"https:\/\/api.w.org\/{rel}","templated":true}]}}