{"id":26952,"date":"2020-12-01T09:42:11","date_gmt":"2020-12-01T08:42:11","guid":{"rendered":"https:\/\/www.maxima-dia.com\/?p=26952"},"modified":"2021-02-08T12:02:47","modified_gmt":"2021-02-08T11:02:47","slug":"valoriser-et-soutenir-la-societe-et-le-territoire","status":"publish","type":"post","link":"https:\/\/www.maxima-dia.com\/fr\/valoriser-et-soutenir-la-societe-et-le-territoire\/","title":{"rendered":"Valoriser et soutenir la soci\u00e9t\u00e9 et le territoire"},"content":{"rendered":"<p>\u00abSelon nous, l\u2019activit\u00e9 d\u2019une entreprise doit \u00eatre vue selon un cycle de vie, et une fois que la stabilit\u00e9 \u00e9conomique et l\u2019ind\u00e9pendance sont atteintes, il faut \u00e9tablir de nouveaux objectifs. Maxima s\u2019est fix\u00e9 un objectif de \u00ab&nbsp;restitution&nbsp;\u00bb \u00e0 notre territoire natal, en soutenant les activit\u00e9s sportives et l\u2019\u00e9ducation. C\u2019est pour \u00e7a que nous n\u2019avons pas h\u00e9sit\u00e9 une seule seconde \u00e0 participer \u00e0 la cr\u00e9ation du troisi\u00e8me p\u00f4le universitaire UNIMORE lorsque nous avons eu connaissance de l\u2019existence du projet.&nbsp;\u00bb<\/p>\n<p>L\u2019a d\u00e9clar\u00e9 M. DALL\u2019OLIO, Pr\u00e9sident de Maxima S.p.A., pendant l\u2019\u00e9mission t\u00e9l\u00e9vis\u00e9e \u00ab&nbsp;Dare &amp; Avere\u201d sur TELEREGGIO, qui a \u00e9t\u00e9 transmise Vendredi 13 Novembre 2020.<\/p>\n<p><iframe loading=\"lazy\" src=\"\/\/www.youtube.com\/embed\/mjAwayuZ6KE\" width=\"560\" height=\"314\" allowfullscreen=\"allowfullscreen\"><\/iframe><\/p>\n<p>La r\u00e9alisation de ce projet, qui est n\u00e9 \u00e0 partir de la reconversion de l\u2019immeuble du s\u00e9minaire \u00e9piscopal de Reggio Emilia et qui sera inaugur\u00e9e le 13 novembre, est soutenue par le Comit\u00e9 \u00ab Reggio Citt\u00e0 Universitaria\u00bb, duquel Maxima est membre fondateur avec des autres entreprises prestigieuses et des collectivit\u00e9s locales et religieuses<\/p>\n<p>Pendant l\u2019interview, M. DALL\u2019OLIO a soulign\u00e9 la valeur de l\u2019engagement sociale pour le groupe Maxima \u2013 qui a actuellement une quarantaine des collaborateurs et qui a g\u00e9n\u00e9r\u00e9 en 2019 un chiffre d\u2019affaires d\u2019environ 8,5 millions d\u2019Euro \u2013 et a donn\u00e9 des bons conseils aux jeunes \u00e9tudiants&nbsp;: enrichir constamment sa formation professionnelle, apprendre d\u2019autres langues que l\u2019anglais, s\u2019engager pour atteindre ses objectifs.<\/p>\n","protected":false},"excerpt":{"rendered":"<p>\u00abSelon nous, l\u2019activit\u00e9 d\u2019une entreprise doit \u00eatre vue selon un cycle de vie, et une fois que la stabilit\u00e9 \u00e9conomique et l\u2019ind\u00e9pendance sont atteintes, il faut \u00e9tablir de nouveaux objectifs. Maxima s\u2019est fix\u00e9 un objectif de \u00ab&nbsp;restitution&nbsp;\u00bb \u00e0 notre territoire natal, en soutenant les activit\u00e9s sportives et l\u2019\u00e9ducation. C\u2019est pour \u00e7a que nous n\u2019avons pas h\u00e9sit\u00e9 une seule seconde \u00e0 participer \u00e0 la cr\u00e9ation du troisi\u00e8me p\u00f4le universitaire UNIMORE lorsque nous avons eu connaissance de l\u2019existence du projet.&nbsp;\u00bb L\u2019a d\u00e9clar\u00e9 M. DALL\u2019OLIO, Pr\u00e9sident de Maxima S.p.A., pendant l\u2019\u00e9mission t\u00e9l\u00e9vis\u00e9e \u00ab&nbsp;Dare &amp; Avere\u201d sur TELEREGGIO, qui a \u00e9t\u00e9 transmise Vendredi 13 Novembre 2020. La r\u00e9alisation de ce projet, qui est n\u00e9 \u00e0 partir de la reconversion de l\u2019immeuble du s\u00e9minaire \u00e9piscopal de Reggio Emilia et qui sera inaugur\u00e9e le 13 novembre, est soutenue par le Comit\u00e9 \u00ab Reggio Citt\u00e0 Universitaria\u00bb, duquel Maxima est membre fondateur avec des autres entreprises prestigieuses et des collectivit\u00e9s locales et religieuses Pendant l\u2019interview, M. DALL\u2019OLIO a soulign\u00e9 la valeur de l\u2019engagement sociale pour le groupe Maxima \u2013 qui a actuellement une quarantaine des collaborateurs et qui a g\u00e9n\u00e9r\u00e9 en 2019 un chiffre d\u2019affaires d\u2019environ 8,5 millions d\u2019Euro \u2013 et a donn\u00e9 des bons conseils aux jeunes [&hellip;]<\/p>\n","protected":false},"author":30,"featured_media":26925,"comment_status":"closed","ping_status":"closed","sticky":false,"template":"","format":"standard","meta":{"ngg_post_thumbnail":0,"_joinchat":[],"footnotes":""},"categories":[221],"tags":[],"class_list":["post-26952","post","type-post","status-publish","format-standard","has-post-thumbnail","hentry","category-nouvelles"],"yoast_head":"<!-- This site is optimized with the Yoast SEO plugin v25.5 - https:\/\/yoast.com\/wordpress\/plugins\/seo\/ -->\n<title>Valoriser et soutenir la soci\u00e9t\u00e9 et le territoire - Maxima SpA<\/title>\n<meta name=\"description\" content=\"La valeur de l\u2019engagement sociale pour le groupe Maxima, qui a actuellement une quarantaine des collaborateurs et qui a g\u00e9n\u00e9r\u00e9 en 2019 un chiffre d\u2019affaires d\u2019environ 8,5 millions d\u2019Euro\" \/>\n<meta name=\"robots\" content=\"index, follow, max-snippet:-1, max-image-preview:large, max-video-preview:-1\" \/>\n<link rel=\"canonical\" href=\"https:\/\/www.maxima-dia.com\/fr\/valoriser-et-soutenir-la-societe-et-le-territoire\/\" \/>\n<meta property=\"og:locale\" content=\"fr_FR\" \/>\n<meta property=\"og:type\" content=\"article\" \/>\n<meta property=\"og:title\" content=\"Valoriser et soutenir la soci\u00e9t\u00e9 et le territoire - Maxima SpA\" \/>\n<meta property=\"og:description\" content=\"La valeur de l\u2019engagement sociale pour le groupe Maxima, qui a actuellement une quarantaine des collaborateurs et qui a g\u00e9n\u00e9r\u00e9 en 2019 un chiffre d\u2019affaires d\u2019environ 8,5 millions d\u2019Euro\" \/>\n<meta property=\"og:url\" content=\"https:\/\/www.maxima-dia.com\/fr\/valoriser-et-soutenir-la-societe-et-le-territoire\/\" \/>\n<meta property=\"og:site_name\" content=\"Maxima SpA\" \/>\n<meta property=\"article:publisher\" content=\"https:\/\/www.facebook.com\/Maxima-spa-106098566139597\" \/>\n<meta property=\"article:published_time\" content=\"2020-12-01T08:42:11+00:00\" \/>\n<meta property=\"article:modified_time\" content=\"2021-02-08T11:02:47+00:00\" \/>\n<meta property=\"og:image\" content=\"https:\/\/www.maxima-dia.com\/wp-content\/uploads\/2020\/11\/anteprima-news-dall-olio-mirco.jpg\" \/>\n\t<meta property=\"og:image:width\" content=\"525\" \/>\n\t<meta property=\"og:image:height\" content=\"300\" \/>\n\t<meta property=\"og:image:type\" content=\"image\/jpeg\" \/>\n<meta name=\"author\" content=\"Stefano Troilo\" \/>\n<meta name=\"twitter:card\" content=\"summary_large_image\" \/>\n<meta name=\"twitter:creator\" content=\"@Maximadia\" \/>\n<meta name=\"twitter:site\" content=\"@Maximadia\" \/>\n<meta name=\"twitter:label1\" content=\"\u00c9crit par\" \/>\n\t<meta name=\"twitter:data1\" content=\"Stefano Troilo\" \/>\n\t<meta name=\"twitter:label2\" content=\"Dur\u00e9e de lecture estim\u00e9e\" \/>\n\t<meta name=\"twitter:data2\" content=\"1 minute\" \/>\n<script type=\"application\/ld+json\" class=\"yoast-schema-graph\">{\"@context\":\"https:\/\/schema.org\",\"@graph\":[{\"@type\":\"WebPage\",\"@id\":\"https:\/\/www.maxima-dia.com\/fr\/valoriser-et-soutenir-la-societe-et-le-territoire\/\",\"url\":\"https:\/\/www.maxima-dia.com\/fr\/valoriser-et-soutenir-la-societe-et-le-territoire\/\",\"name\":\"Valoriser et soutenir la soci\u00e9t\u00e9 et le territoire - Maxima SpA\",\"isPartOf\":{\"@id\":\"https:\/\/www.maxima-dia.com\/fr\/#website\"},\"primaryImageOfPage\":{\"@id\":\"https:\/\/www.maxima-dia.com\/fr\/valoriser-et-soutenir-la-societe-et-le-territoire\/#primaryimage\"},\"image\":{\"@id\":\"https:\/\/www.maxima-dia.com\/fr\/valoriser-et-soutenir-la-societe-et-le-territoire\/#primaryimage\"},\"thumbnailUrl\":\"https:\/\/www.maxima-dia.com\/wp-content\/uploads\/2020\/11\/anteprima-news-dall-olio-mirco.jpg\",\"datePublished\":\"2020-12-01T08:42:11+00:00\",\"dateModified\":\"2021-02-08T11:02:47+00:00\",\"author\":{\"@id\":\"https:\/\/www.maxima-dia.com\/fr\/#\/schema\/person\/41641558329a118dd4c4d0417dc5549b\"},\"description\":\"La valeur de l\u2019engagement sociale pour le groupe Maxima, qui a actuellement une quarantaine des collaborateurs et qui a g\u00e9n\u00e9r\u00e9 en 2019 un chiffre d\u2019affaires d\u2019environ 8,5 millions d\u2019Euro\",\"breadcrumb\":{\"@id\":\"https:\/\/www.maxima-dia.com\/fr\/valoriser-et-soutenir-la-societe-et-le-territoire\/#breadcrumb\"},\"inLanguage\":\"fr-FR\",\"potentialAction\":[{\"@type\":\"ReadAction\",\"target\":[\"https:\/\/www.maxima-dia.com\/fr\/valoriser-et-soutenir-la-societe-et-le-territoire\/\"]}]},{\"@type\":\"ImageObject\",\"inLanguage\":\"fr-FR\",\"@id\":\"https:\/\/www.maxima-dia.com\/fr\/valoriser-et-soutenir-la-societe-et-le-territoire\/#primaryimage\",\"url\":\"https:\/\/www.maxima-dia.com\/wp-content\/uploads\/2020\/11\/anteprima-news-dall-olio-mirco.jpg\",\"contentUrl\":\"https:\/\/www.maxima-dia.com\/wp-content\/uploads\/2020\/11\/anteprima-news-dall-olio-mirco.jpg\",\"width\":525,\"height\":300},{\"@type\":\"BreadcrumbList\",\"@id\":\"https:\/\/www.maxima-dia.com\/fr\/valoriser-et-soutenir-la-societe-et-le-territoire\/#breadcrumb\",\"itemListElement\":[{\"@type\":\"ListItem\",\"position\":1,\"name\":\"Home\",\"item\":\"https:\/\/www.maxima-dia.com\/fr\/\"},{\"@type\":\"ListItem\",\"position\":2,\"name\":\"Valoriser et soutenir la soci\u00e9t\u00e9 et le territoire\"}]},{\"@type\":\"WebSite\",\"@id\":\"https:\/\/www.maxima-dia.com\/fr\/#website\",\"url\":\"https:\/\/www.maxima-dia.com\/fr\/\",\"name\":\"Maxima SpA\",\"description\":\"Only for the real professionals\",\"potentialAction\":[{\"@type\":\"SearchAction\",\"target\":{\"@type\":\"EntryPoint\",\"urlTemplate\":\"https:\/\/www.maxima-dia.com\/fr\/?s={search_term_string}\"},\"query-input\":{\"@type\":\"PropertyValueSpecification\",\"valueRequired\":true,\"valueName\":\"search_term_string\"}}],\"inLanguage\":\"fr-FR\"},{\"@type\":\"Person\",\"@id\":\"https:\/\/www.maxima-dia.com\/fr\/#\/schema\/person\/41641558329a118dd4c4d0417dc5549b\",\"name\":\"Stefano Troilo\",\"image\":{\"@type\":\"ImageObject\",\"inLanguage\":\"fr-FR\",\"@id\":\"https:\/\/www.maxima-dia.com\/fr\/#\/schema\/person\/image\/\",\"url\":\"https:\/\/secure.gravatar.com\/avatar\/d783b211fab2e65682c97b7e8fa5e037?s=96&d=blank&r=g\",\"contentUrl\":\"https:\/\/secure.gravatar.com\/avatar\/d783b211fab2e65682c97b7e8fa5e037?s=96&d=blank&r=g\",\"caption\":\"Stefano Troilo\"},\"url\":\"https:\/\/www.maxima-dia.com\/fr\/author\/stefano\/\"}]}<\/script>\n<!-- \/ Yoast SEO plugin. -->","yoast_head_json":{"title":"Valoriser et soutenir la soci\u00e9t\u00e9 et le territoire - Maxima SpA","description":"La valeur de l\u2019engagement sociale pour le groupe Maxima, qui a actuellement une quarantaine des collaborateurs et qui a g\u00e9n\u00e9r\u00e9 en 2019 un chiffre d\u2019affaires d\u2019environ 8,5 millions d\u2019Euro","robots":{"index":"index","follow":"follow","max-snippet":"max-snippet:-1","max-image-preview":"max-image-preview:large","max-video-preview":"max-video-preview:-1"},"canonical":"https:\/\/www.maxima-dia.com\/fr\/valoriser-et-soutenir-la-societe-et-le-territoire\/","og_locale":"fr_FR","og_type":"article","og_title":"Valoriser et soutenir la soci\u00e9t\u00e9 et le territoire - Maxima SpA","og_description":"La valeur de l\u2019engagement sociale pour le groupe Maxima, qui a actuellement une quarantaine des collaborateurs et qui a g\u00e9n\u00e9r\u00e9 en 2019 un chiffre d\u2019affaires d\u2019environ 8,5 millions d\u2019Euro","og_url":"https:\/\/www.maxima-dia.com\/fr\/valoriser-et-soutenir-la-societe-et-le-territoire\/","og_site_name":"Maxima SpA","article_publisher":"https:\/\/www.facebook.com\/Maxima-spa-106098566139597","article_published_time":"2020-12-01T08:42:11+00:00","article_modified_time":"2021-02-08T11:02:47+00:00","og_image":[{"width":525,"height":300,"url":"https:\/\/www.maxima-dia.com\/wp-content\/uploads\/2020\/11\/anteprima-news-dall-olio-mirco.jpg","type":"image\/jpeg"}],"author":"Stefano Troilo","twitter_card":"summary_large_image","twitter_creator":"@Maximadia","twitter_site":"@Maximadia","twitter_misc":{"\u00c9crit par":"Stefano Troilo","Dur\u00e9e de lecture estim\u00e9e":"1 minute"},"schema":{"@context":"https:\/\/schema.org","@graph":[{"@type":"WebPage","@id":"https:\/\/www.maxima-dia.com\/fr\/valoriser-et-soutenir-la-societe-et-le-territoire\/","url":"https:\/\/www.maxima-dia.com\/fr\/valoriser-et-soutenir-la-societe-et-le-territoire\/","name":"Valoriser et soutenir la soci\u00e9t\u00e9 et le territoire - Maxima SpA","isPartOf":{"@id":"https:\/\/www.maxima-dia.com\/fr\/#website"},"primaryImageOfPage":{"@id":"https:\/\/www.maxima-dia.com\/fr\/valoriser-et-soutenir-la-societe-et-le-territoire\/#primaryimage"},"image":{"@id":"https:\/\/www.maxima-dia.com\/fr\/valoriser-et-soutenir-la-societe-et-le-territoire\/#primaryimage"},"thumbnailUrl":"https:\/\/www.maxima-dia.com\/wp-content\/uploads\/2020\/11\/anteprima-news-dall-olio-mirco.jpg","datePublished":"2020-12-01T08:42:11+00:00","dateModified":"2021-02-08T11:02:47+00:00","author":{"@id":"https:\/\/www.maxima-dia.com\/fr\/#\/schema\/person\/41641558329a118dd4c4d0417dc5549b"},"description":"La valeur de l\u2019engagement sociale pour le groupe Maxima, qui a actuellement une quarantaine des collaborateurs et qui a g\u00e9n\u00e9r\u00e9 en 2019 un chiffre d\u2019affaires d\u2019environ 8,5 millions d\u2019Euro","breadcrumb":{"@id":"https:\/\/www.maxima-dia.com\/fr\/valoriser-et-soutenir-la-societe-et-le-territoire\/#breadcrumb"},"inLanguage":"fr-FR","potentialAction":[{"@type":"ReadAction","target":["https:\/\/www.maxima-dia.com\/fr\/valoriser-et-soutenir-la-societe-et-le-territoire\/"]}]},{"@type":"ImageObject","inLanguage":"fr-FR","@id":"https:\/\/www.maxima-dia.com\/fr\/valoriser-et-soutenir-la-societe-et-le-territoire\/#primaryimage","url":"https:\/\/www.maxima-dia.com\/wp-content\/uploads\/2020\/11\/anteprima-news-dall-olio-mirco.jpg","contentUrl":"https:\/\/www.maxima-dia.com\/wp-content\/uploads\/2020\/11\/anteprima-news-dall-olio-mirco.jpg","width":525,"height":300},{"@type":"BreadcrumbList","@id":"https:\/\/www.maxima-dia.com\/fr\/valoriser-et-soutenir-la-societe-et-le-territoire\/#breadcrumb","itemListElement":[{"@type":"ListItem","position":1,"name":"Home","item":"https:\/\/www.maxima-dia.com\/fr\/"},{"@type":"ListItem","position":2,"name":"Valoriser et soutenir la soci\u00e9t\u00e9 et le territoire"}]},{"@type":"WebSite","@id":"https:\/\/www.maxima-dia.com\/fr\/#website","url":"https:\/\/www.maxima-dia.com\/fr\/","name":"Maxima SpA","description":"Only for the real professionals","potentialAction":[{"@type":"SearchAction","target":{"@type":"EntryPoint","urlTemplate":"https:\/\/www.maxima-dia.com\/fr\/?s={search_term_string}"},"query-input":{"@type":"PropertyValueSpecification","valueRequired":true,"valueName":"search_term_string"}}],"inLanguage":"fr-FR"},{"@type":"Person","@id":"https:\/\/www.maxima-dia.com\/fr\/#\/schema\/person\/41641558329a118dd4c4d0417dc5549b","name":"Stefano Troilo","image":{"@type":"ImageObject","inLanguage":"fr-FR","@id":"https:\/\/www.maxima-dia.com\/fr\/#\/schema\/person\/image\/","url":"https:\/\/secure.gravatar.com\/avatar\/d783b211fab2e65682c97b7e8fa5e037?s=96&d=blank&r=g","contentUrl":"https:\/\/secure.gravatar.com\/avatar\/d783b211fab2e65682c97b7e8fa5e037?s=96&d=blank&r=g","caption":"Stefano Troilo"},"url":"https:\/\/www.maxima-dia.com\/fr\/author\/stefano\/"}]}},"_links":{"self":[{"href":"https:\/\/www.maxima-dia.com\/fr\/wp-json\/wp\/v2\/posts\/26952"}],"collection":[{"href":"https:\/\/www.maxima-dia.com\/fr\/wp-json\/wp\/v2\/posts"}],"about":[{"href":"https:\/\/www.maxima-dia.com\/fr\/wp-json\/wp\/v2\/types\/post"}],"author":[{"embeddable":true,"href":"https:\/\/www.maxima-dia.com\/fr\/wp-json\/wp\/v2\/users\/30"}],"replies":[{"embeddable":true,"href":"https:\/\/www.maxima-dia.com\/fr\/wp-json\/wp\/v2\/comments?post=26952"}],"version-history":[{"count":0,"href":"https:\/\/www.maxima-dia.com\/fr\/wp-json\/wp\/v2\/posts\/26952\/revisions"}],"wp:featuredmedia":[{"embeddable":true,"href":"https:\/\/www.maxima-dia.com\/fr\/wp-json\/wp\/v2\/media\/26925"}],"wp:attachment":[{"href":"https:\/\/www.maxima-dia.com\/fr\/wp-json\/wp\/v2\/media?parent=26952"}],"wp:term":[{"taxonomy":"category","embeddable":true,"href":"https:\/\/www.maxima-dia.com\/fr\/wp-json\/wp\/v2\/categories?post=26952"},{"taxonomy":"post_tag","embeddable":true,"href":"https:\/\/www.maxima-dia.com\/fr\/wp-json\/wp\/v2\/tags?post=26952"}],"curies":[{"name":"wp","href":"https:\/\/api.w.org\/{rel}","templated":true}]}}