{"id":26886,"date":"2020-11-18T10:09:41","date_gmt":"2020-11-18T09:09:41","guid":{"rendered":"https:\/\/www.maxima-dia.com\/?p=26886"},"modified":"2021-02-08T12:01:47","modified_gmt":"2021-02-08T11:01:47","slug":"restituire-valore-alla-societa-e-al-territorio","status":"publish","type":"post","link":"https:\/\/www.maxima-dia.com\/it\/restituire-valore-alla-societa-e-al-territorio\/","title":{"rendered":"Restituire valore alla societ\u00e0 e al territorio"},"content":{"rendered":"<p>\u201cRiteniamo che l\u2019attivit\u00e0 di impresa, una volta raggiunto il proprio equilibrio finanziario, debba porsi nuovi obiettivi. Noi abbiamo scelto quello della restituzione, alla societ\u00e0 e al territorio, attraverso lo sport e l\u2019istruzione. Quando siamo venuti a conoscenza del progetto di costruzione del Terzo Polo di Unimore, abbiamo scelto di partecipare, al massimo delle nostre possibilit\u00e0\u201d.<\/p>\n<p>Lo ha dichiarato <strong>Mirco Dall\u2019Olio<\/strong>, Presidente di Maxima, nel corso della trasmissione \u201cDare&amp;Avere\u201d di Telereggio andata in onda venerd\u00ec 13 novembre.<\/p>\n<p><iframe loading=\"lazy\" src=\"\/\/www.youtube.com\/embed\/FpLMAHT_45M\" width=\"560\" height=\"315\" frameborder=\"0\" allowfullscreen=\"allowfullscreen\"><\/iframe><\/p>\n<p>La realizzazione della struttura, che nasce dalla riconversione dell\u2019ex Seminario Diocesano e sar\u00e0 inaugurata il 21 novembre, \u00e8 sostenuta dal Comitato Reggio Citt\u00e0 Universitaria, di cui <a href=\"https:\/\/www.maxima-dia.com\/it\/terzo-polo-universitario-maxima-sostiene-unimore\/\">Maxima \u00e8 socia<\/a> insieme ad altre prestigiose aziende del territorio, enti locali e religiosi.<\/p>\n<p>Nel corso dell\u2019intervista, Dall\u2019Olio ha sottolineato il valore dell\u2019impegno sociale per il gruppo Maxima &#8211; che impiega 40 persone e nel 2019 ha espresso un fatturato aggregato di 8.5 milioni di euro &#8211; rivolgendo alcuni consigli ai giovani studenti: cercare di arricchire il pi\u00f9 possibile la propria formazione, imparare una seconda lingua straniera oltre l\u2019inglese, impegnarsi per raggiungere i propri obiettivi.<\/p>\n","protected":false},"excerpt":{"rendered":"<p>\u201cRiteniamo che l\u2019attivit\u00e0 di impresa, una volta raggiunto il proprio equilibrio finanziario, debba porsi nuovi obiettivi. Noi abbiamo scelto quello della restituzione, alla societ\u00e0 e al territorio, attraverso lo sport e l\u2019istruzione. Quando siamo venuti a conoscenza del progetto di costruzione del Terzo Polo di Unimore, abbiamo scelto di partecipare, al massimo delle nostre possibilit\u00e0\u201d. Lo ha dichiarato Mirco Dall\u2019Olio, Presidente di Maxima, nel corso della trasmissione \u201cDare&amp;Avere\u201d di Telereggio andata in onda venerd\u00ec 13 novembre. La realizzazione della struttura, che nasce dalla riconversione dell\u2019ex Seminario Diocesano e sar\u00e0 inaugurata il 21 novembre, \u00e8 sostenuta dal Comitato Reggio Citt\u00e0 Universitaria, di cui Maxima \u00e8 socia insieme ad altre prestigiose aziende del territorio, enti locali e religiosi. Nel corso dell\u2019intervista, Dall\u2019Olio ha sottolineato il valore dell\u2019impegno sociale per il gruppo Maxima &#8211; che impiega 40 persone e nel 2019 ha espresso un fatturato aggregato di 8.5 milioni di euro &#8211; rivolgendo alcuni consigli ai giovani studenti: cercare di arricchire il pi\u00f9 possibile la propria formazione, imparare una seconda lingua straniera oltre l\u2019inglese, impegnarsi per raggiungere i propri obiettivi.<\/p>\n","protected":false},"author":30,"featured_media":26923,"comment_status":"closed","ping_status":"closed","sticky":false,"template":"","format":"standard","meta":{"ngg_post_thumbnail":0,"_joinchat":[],"footnotes":""},"categories":[99],"tags":[],"class_list":["post-26886","post","type-post","status-publish","format-standard","has-post-thumbnail","hentry","category-notizie"],"yoast_head":"<!-- This site is optimized with the Yoast SEO plugin v25.5 - https:\/\/yoast.com\/wordpress\/plugins\/seo\/ -->\n<title>Restituire valore alla societ\u00e0 e al territorio - Maxima SpA<\/title>\n<meta name=\"description\" content=\"Lo ha dichiarato Mirco Dall\u2019Olio, Presidente di Maxima, nel corso della trasmissione \u201cDare&amp;Avere\u201d andata in onda su Telereggio\" \/>\n<meta name=\"robots\" content=\"index, follow, max-snippet:-1, max-image-preview:large, max-video-preview:-1\" \/>\n<link rel=\"canonical\" href=\"https:\/\/www.maxima-dia.com\/it\/restituire-valore-alla-societa-e-al-territorio\/\" \/>\n<meta property=\"og:locale\" content=\"it_IT\" \/>\n<meta property=\"og:type\" content=\"article\" \/>\n<meta property=\"og:title\" content=\"Restituire valore alla societ\u00e0 e al territorio - Maxima SpA\" \/>\n<meta property=\"og:description\" content=\"Lo ha dichiarato Mirco Dall\u2019Olio, Presidente di Maxima, nel corso della trasmissione \u201cDare&amp;Avere\u201d andata in onda su Telereggio\" \/>\n<meta property=\"og:url\" content=\"https:\/\/www.maxima-dia.com\/it\/restituire-valore-alla-societa-e-al-territorio\/\" \/>\n<meta property=\"og:site_name\" content=\"Maxima SpA\" \/>\n<meta property=\"article:publisher\" content=\"https:\/\/www.facebook.com\/Maxima-spa-106098566139597\" \/>\n<meta property=\"article:published_time\" content=\"2020-11-18T09:09:41+00:00\" \/>\n<meta property=\"article:modified_time\" content=\"2021-02-08T11:01:47+00:00\" \/>\n<meta property=\"og:image\" content=\"https:\/\/www.maxima-dia.com\/wp-content\/uploads\/2020\/11\/anteprima-news-dall-olio-mirco.jpg\" \/>\n\t<meta property=\"og:image:width\" content=\"525\" \/>\n\t<meta property=\"og:image:height\" content=\"300\" \/>\n\t<meta property=\"og:image:type\" content=\"image\/jpeg\" \/>\n<meta name=\"author\" content=\"Stefano Troilo\" \/>\n<meta name=\"twitter:card\" content=\"summary_large_image\" \/>\n<meta name=\"twitter:creator\" content=\"@Maximadia\" \/>\n<meta name=\"twitter:site\" content=\"@Maximadia\" \/>\n<meta name=\"twitter:label1\" content=\"Scritto da\" \/>\n\t<meta name=\"twitter:data1\" content=\"Stefano Troilo\" \/>\n\t<meta name=\"twitter:label2\" content=\"Tempo di lettura stimato\" \/>\n\t<meta name=\"twitter:data2\" content=\"1 minuto\" \/>\n<script type=\"application\/ld+json\" class=\"yoast-schema-graph\">{\"@context\":\"https:\/\/schema.org\",\"@graph\":[{\"@type\":\"WebPage\",\"@id\":\"https:\/\/www.maxima-dia.com\/it\/restituire-valore-alla-societa-e-al-territorio\/\",\"url\":\"https:\/\/www.maxima-dia.com\/it\/restituire-valore-alla-societa-e-al-territorio\/\",\"name\":\"Restituire valore alla societ\u00e0 e al territorio - Maxima SpA\",\"isPartOf\":{\"@id\":\"https:\/\/www.maxima-dia.com\/it\/#website\"},\"primaryImageOfPage\":{\"@id\":\"https:\/\/www.maxima-dia.com\/it\/restituire-valore-alla-societa-e-al-territorio\/#primaryimage\"},\"image\":{\"@id\":\"https:\/\/www.maxima-dia.com\/it\/restituire-valore-alla-societa-e-al-territorio\/#primaryimage\"},\"thumbnailUrl\":\"https:\/\/www.maxima-dia.com\/wp-content\/uploads\/2020\/11\/anteprima-news-dall-olio-mirco.jpg\",\"datePublished\":\"2020-11-18T09:09:41+00:00\",\"dateModified\":\"2021-02-08T11:01:47+00:00\",\"author\":{\"@id\":\"https:\/\/www.maxima-dia.com\/it\/#\/schema\/person\/41641558329a118dd4c4d0417dc5549b\"},\"description\":\"Lo ha dichiarato Mirco Dall\u2019Olio, Presidente di Maxima, nel corso della trasmissione \u201cDare&Avere\u201d andata in onda su Telereggio\",\"breadcrumb\":{\"@id\":\"https:\/\/www.maxima-dia.com\/it\/restituire-valore-alla-societa-e-al-territorio\/#breadcrumb\"},\"inLanguage\":\"it-IT\",\"potentialAction\":[{\"@type\":\"ReadAction\",\"target\":[\"https:\/\/www.maxima-dia.com\/it\/restituire-valore-alla-societa-e-al-territorio\/\"]}]},{\"@type\":\"ImageObject\",\"inLanguage\":\"it-IT\",\"@id\":\"https:\/\/www.maxima-dia.com\/it\/restituire-valore-alla-societa-e-al-territorio\/#primaryimage\",\"url\":\"https:\/\/www.maxima-dia.com\/wp-content\/uploads\/2020\/11\/anteprima-news-dall-olio-mirco.jpg\",\"contentUrl\":\"https:\/\/www.maxima-dia.com\/wp-content\/uploads\/2020\/11\/anteprima-news-dall-olio-mirco.jpg\",\"width\":525,\"height\":300},{\"@type\":\"BreadcrumbList\",\"@id\":\"https:\/\/www.maxima-dia.com\/it\/restituire-valore-alla-societa-e-al-territorio\/#breadcrumb\",\"itemListElement\":[{\"@type\":\"ListItem\",\"position\":1,\"name\":\"Home\",\"item\":\"https:\/\/www.maxima-dia.com\/it\/\"},{\"@type\":\"ListItem\",\"position\":2,\"name\":\"Restituire valore alla societ\u00e0 e al territorio\"}]},{\"@type\":\"WebSite\",\"@id\":\"https:\/\/www.maxima-dia.com\/it\/#website\",\"url\":\"https:\/\/www.maxima-dia.com\/it\/\",\"name\":\"Maxima SpA\",\"description\":\"Only for the real professionals\",\"potentialAction\":[{\"@type\":\"SearchAction\",\"target\":{\"@type\":\"EntryPoint\",\"urlTemplate\":\"https:\/\/www.maxima-dia.com\/it\/?s={search_term_string}\"},\"query-input\":{\"@type\":\"PropertyValueSpecification\",\"valueRequired\":true,\"valueName\":\"search_term_string\"}}],\"inLanguage\":\"it-IT\"},{\"@type\":\"Person\",\"@id\":\"https:\/\/www.maxima-dia.com\/it\/#\/schema\/person\/41641558329a118dd4c4d0417dc5549b\",\"name\":\"Stefano Troilo\",\"image\":{\"@type\":\"ImageObject\",\"inLanguage\":\"it-IT\",\"@id\":\"https:\/\/www.maxima-dia.com\/it\/#\/schema\/person\/image\/\",\"url\":\"https:\/\/secure.gravatar.com\/avatar\/d783b211fab2e65682c97b7e8fa5e037?s=96&d=blank&r=g\",\"contentUrl\":\"https:\/\/secure.gravatar.com\/avatar\/d783b211fab2e65682c97b7e8fa5e037?s=96&d=blank&r=g\",\"caption\":\"Stefano Troilo\"},\"url\":\"https:\/\/www.maxima-dia.com\/it\/author\/stefano\/\"}]}<\/script>\n<!-- \/ Yoast SEO plugin. -->","yoast_head_json":{"title":"Restituire valore alla societ\u00e0 e al territorio - Maxima SpA","description":"Lo ha dichiarato Mirco Dall\u2019Olio, Presidente di Maxima, nel corso della trasmissione \u201cDare&Avere\u201d andata in onda su Telereggio","robots":{"index":"index","follow":"follow","max-snippet":"max-snippet:-1","max-image-preview":"max-image-preview:large","max-video-preview":"max-video-preview:-1"},"canonical":"https:\/\/www.maxima-dia.com\/it\/restituire-valore-alla-societa-e-al-territorio\/","og_locale":"it_IT","og_type":"article","og_title":"Restituire valore alla societ\u00e0 e al territorio - Maxima SpA","og_description":"Lo ha dichiarato Mirco Dall\u2019Olio, Presidente di Maxima, nel corso della trasmissione \u201cDare&Avere\u201d andata in onda su Telereggio","og_url":"https:\/\/www.maxima-dia.com\/it\/restituire-valore-alla-societa-e-al-territorio\/","og_site_name":"Maxima SpA","article_publisher":"https:\/\/www.facebook.com\/Maxima-spa-106098566139597","article_published_time":"2020-11-18T09:09:41+00:00","article_modified_time":"2021-02-08T11:01:47+00:00","og_image":[{"width":525,"height":300,"url":"https:\/\/www.maxima-dia.com\/wp-content\/uploads\/2020\/11\/anteprima-news-dall-olio-mirco.jpg","type":"image\/jpeg"}],"author":"Stefano Troilo","twitter_card":"summary_large_image","twitter_creator":"@Maximadia","twitter_site":"@Maximadia","twitter_misc":{"Scritto da":"Stefano Troilo","Tempo di lettura stimato":"1 minuto"},"schema":{"@context":"https:\/\/schema.org","@graph":[{"@type":"WebPage","@id":"https:\/\/www.maxima-dia.com\/it\/restituire-valore-alla-societa-e-al-territorio\/","url":"https:\/\/www.maxima-dia.com\/it\/restituire-valore-alla-societa-e-al-territorio\/","name":"Restituire valore alla societ\u00e0 e al territorio - Maxima SpA","isPartOf":{"@id":"https:\/\/www.maxima-dia.com\/it\/#website"},"primaryImageOfPage":{"@id":"https:\/\/www.maxima-dia.com\/it\/restituire-valore-alla-societa-e-al-territorio\/#primaryimage"},"image":{"@id":"https:\/\/www.maxima-dia.com\/it\/restituire-valore-alla-societa-e-al-territorio\/#primaryimage"},"thumbnailUrl":"https:\/\/www.maxima-dia.com\/wp-content\/uploads\/2020\/11\/anteprima-news-dall-olio-mirco.jpg","datePublished":"2020-11-18T09:09:41+00:00","dateModified":"2021-02-08T11:01:47+00:00","author":{"@id":"https:\/\/www.maxima-dia.com\/it\/#\/schema\/person\/41641558329a118dd4c4d0417dc5549b"},"description":"Lo ha dichiarato Mirco Dall\u2019Olio, Presidente di Maxima, nel corso della trasmissione \u201cDare&Avere\u201d andata in onda su Telereggio","breadcrumb":{"@id":"https:\/\/www.maxima-dia.com\/it\/restituire-valore-alla-societa-e-al-territorio\/#breadcrumb"},"inLanguage":"it-IT","potentialAction":[{"@type":"ReadAction","target":["https:\/\/www.maxima-dia.com\/it\/restituire-valore-alla-societa-e-al-territorio\/"]}]},{"@type":"ImageObject","inLanguage":"it-IT","@id":"https:\/\/www.maxima-dia.com\/it\/restituire-valore-alla-societa-e-al-territorio\/#primaryimage","url":"https:\/\/www.maxima-dia.com\/wp-content\/uploads\/2020\/11\/anteprima-news-dall-olio-mirco.jpg","contentUrl":"https:\/\/www.maxima-dia.com\/wp-content\/uploads\/2020\/11\/anteprima-news-dall-olio-mirco.jpg","width":525,"height":300},{"@type":"BreadcrumbList","@id":"https:\/\/www.maxima-dia.com\/it\/restituire-valore-alla-societa-e-al-territorio\/#breadcrumb","itemListElement":[{"@type":"ListItem","position":1,"name":"Home","item":"https:\/\/www.maxima-dia.com\/it\/"},{"@type":"ListItem","position":2,"name":"Restituire valore alla societ\u00e0 e al territorio"}]},{"@type":"WebSite","@id":"https:\/\/www.maxima-dia.com\/it\/#website","url":"https:\/\/www.maxima-dia.com\/it\/","name":"Maxima SpA","description":"Only for the real professionals","potentialAction":[{"@type":"SearchAction","target":{"@type":"EntryPoint","urlTemplate":"https:\/\/www.maxima-dia.com\/it\/?s={search_term_string}"},"query-input":{"@type":"PropertyValueSpecification","valueRequired":true,"valueName":"search_term_string"}}],"inLanguage":"it-IT"},{"@type":"Person","@id":"https:\/\/www.maxima-dia.com\/it\/#\/schema\/person\/41641558329a118dd4c4d0417dc5549b","name":"Stefano Troilo","image":{"@type":"ImageObject","inLanguage":"it-IT","@id":"https:\/\/www.maxima-dia.com\/it\/#\/schema\/person\/image\/","url":"https:\/\/secure.gravatar.com\/avatar\/d783b211fab2e65682c97b7e8fa5e037?s=96&d=blank&r=g","contentUrl":"https:\/\/secure.gravatar.com\/avatar\/d783b211fab2e65682c97b7e8fa5e037?s=96&d=blank&r=g","caption":"Stefano Troilo"},"url":"https:\/\/www.maxima-dia.com\/it\/author\/stefano\/"}]}},"_links":{"self":[{"href":"https:\/\/www.maxima-dia.com\/it\/wp-json\/wp\/v2\/posts\/26886"}],"collection":[{"href":"https:\/\/www.maxima-dia.com\/it\/wp-json\/wp\/v2\/posts"}],"about":[{"href":"https:\/\/www.maxima-dia.com\/it\/wp-json\/wp\/v2\/types\/post"}],"author":[{"embeddable":true,"href":"https:\/\/www.maxima-dia.com\/it\/wp-json\/wp\/v2\/users\/30"}],"replies":[{"embeddable":true,"href":"https:\/\/www.maxima-dia.com\/it\/wp-json\/wp\/v2\/comments?post=26886"}],"version-history":[{"count":0,"href":"https:\/\/www.maxima-dia.com\/it\/wp-json\/wp\/v2\/posts\/26886\/revisions"}],"wp:featuredmedia":[{"embeddable":true,"href":"https:\/\/www.maxima-dia.com\/it\/wp-json\/wp\/v2\/media\/26923"}],"wp:attachment":[{"href":"https:\/\/www.maxima-dia.com\/it\/wp-json\/wp\/v2\/media?parent=26886"}],"wp:term":[{"taxonomy":"category","embeddable":true,"href":"https:\/\/www.maxima-dia.com\/it\/wp-json\/wp\/v2\/categories?post=26886"},{"taxonomy":"post_tag","embeddable":true,"href":"https:\/\/www.maxima-dia.com\/it\/wp-json\/wp\/v2\/tags?post=26886"}],"curies":[{"name":"wp","href":"https:\/\/api.w.org\/{rel}","templated":true}]}}