{"id":27797,"date":"2021-04-30T09:51:19","date_gmt":"2021-04-30T07:51:19","guid":{"rendered":"https:\/\/www.maxima-dia.com\/?p=27797"},"modified":"2021-04-30T09:51:19","modified_gmt":"2021-04-30T07:51:19","slug":"ad-maiora-valeria","status":"publish","type":"post","link":"https:\/\/www.maxima-dia.com\/it\/ad-maiora-valeria\/","title":{"rendered":"Ad maiora, Valeria!"},"content":{"rendered":"<p>\u201cTrade Marketing e Distribuzione B2B: il caso Maxima SpA\u201d \u00e8 la tesi con cui la nostra <strong>Valeria Turri<\/strong> ha conseguito la laurea in Marketing e Organizzazione d\u2019Impresa con <strong>110 e Lode<\/strong> lo scorso 14 aprile presso il Dipartimento di Comunicazione ed Economia dell\u2019Universit\u00e0 degli Studi di Modena e Reggio Emilia.<\/p>\n<p>Come racconta Valeria, entrata in Maxima nel 2019 e da un anno in forza al team commerciale, la scelta di fare dell\u2019azienda un case-study \u00e8 stata facilitata da diversi fattori. \u00a0\u201cDurante gli studi, avevo individuato diversi punti di collegamento con il lavoro che svolgo ogni giorno. Per questo, ho pensato che Maxima potesse essere un argomento originale.<\/p>\n<p>Ne ho parlato con il nostro Presidente, dott. Mirco Dall\u2019Olio, che \u00e8 stato subito felicissimo dell\u2019idea, mettendosi a disposizione, insieme ai colleghi, affinch\u00e9 potessi costruire la mia tesi.<\/p>\n<p>Cos\u00ec, ho analizzato aspetti che normalmente non rientrano tra le mie mansioni, allargando il mio punto di vista. Molto interessante, in particolare, \u00e8 stata la possibilit\u00e0 di analizzare le nostre attivit\u00e0 di marketing e comunicazione, in particolare quelle relative al canale della distribuzione con il quale mi interfaccio quotidianamente, per coglierne le relative dinamiche\u201d.<\/p>\n<p>Il percorso di Valeria proseguir\u00e0, dopo una meritata pausa, con la laurea magistrale in General Management.<\/p>\n<p>\u201cLavorare e studiare mi permette di verificare e approfondire i miei studi quotidianamente. Mi \u00e8 molto d\u2019aiuto anche il clima che si respira in azienda, da sempre favorevole a qualsiasi iniziativa finalizzata alla crescita professionale e personale: sono sempre stata sostenuta e incoraggiata ad andare avanti non solo nel mio percorso universitario, ma anche attraverso appositi corsi, in piena continuit\u00e0 con le scuole superiori, dove scelsi l\u2019indirizzo Relazioni Internazionali per il Marketing che prevedeva lo studio di ben 3 lingue\u201d.<\/p>\n<p>Con soddisfazione e un pizzico di orgoglio, Maxima rivolge un augurio a <strong>Valeria Turri<\/strong> per il prosieguo del suo percorso di studi, sottolineando ancora una volta la centralit\u00e0 dell\u2019istruzione e della formazione per la crescita delle aziende, del territorio e dell\u2019intera societ\u00e0.<\/p>\n","protected":false},"excerpt":{"rendered":"<p>\u201cTrade Marketing e Distribuzione B2B: il caso Maxima SpA\u201d \u00e8 la tesi con cui la nostra Valeria Turri ha conseguito la laurea in Marketing e Organizzazione d\u2019Impresa con 110 e Lode lo scorso 14 aprile presso il Dipartimento di Comunicazione ed Economia dell\u2019Universit\u00e0 degli Studi di Modena e Reggio Emilia. Come racconta Valeria, entrata in Maxima nel 2019 e da un anno in forza al team commerciale, la scelta di fare dell\u2019azienda un case-study \u00e8 stata facilitata da diversi fattori. \u00a0\u201cDurante gli studi, avevo individuato diversi punti di collegamento con il lavoro che svolgo ogni giorno. Per questo, ho pensato che Maxima potesse essere un argomento originale. Ne ho parlato con il nostro Presidente, dott. Mirco Dall\u2019Olio, che \u00e8 stato subito felicissimo dell\u2019idea, mettendosi a disposizione, insieme ai colleghi, affinch\u00e9 potessi costruire la mia tesi. Cos\u00ec, ho analizzato aspetti che normalmente non rientrano tra le mie mansioni, allargando il mio punto di vista. Molto interessante, in particolare, \u00e8 stata la possibilit\u00e0 di analizzare le nostre attivit\u00e0 di marketing e comunicazione, in particolare quelle relative al canale della distribuzione con il quale mi interfaccio quotidianamente, per coglierne le relative dinamiche\u201d. Il percorso di Valeria proseguir\u00e0, dopo una meritata pausa, con la [&hellip;]<\/p>\n","protected":false},"author":30,"featured_media":27798,"comment_status":"closed","ping_status":"closed","sticky":false,"template":"","format":"standard","meta":{"ngg_post_thumbnail":0,"_joinchat":[],"footnotes":""},"categories":[99],"tags":[],"class_list":["post-27797","post","type-post","status-publish","format-standard","has-post-thumbnail","hentry","category-notizie"],"yoast_head":"<!-- This site is optimized with the Yoast SEO plugin v25.5 - https:\/\/yoast.com\/wordpress\/plugins\/seo\/ -->\n<title>Ad maiora, Valeria! - Maxima SpA<\/title>\n<meta name=\"description\" content=\"\u00a0\u201cTrade Marketing e Distribuzione B2B: il caso Maxima SpA\u201d \u00e8 la tesi con cui la nostra Valeria Turri ha conseguito la laurea con 110 e Lode\" \/>\n<meta name=\"robots\" content=\"index, follow, max-snippet:-1, max-image-preview:large, max-video-preview:-1\" \/>\n<link rel=\"canonical\" href=\"https:\/\/www.maxima-dia.com\/it\/ad-maiora-valeria\/\" \/>\n<meta property=\"og:locale\" content=\"it_IT\" \/>\n<meta property=\"og:type\" content=\"article\" \/>\n<meta property=\"og:title\" content=\"Ad maiora, Valeria! - Maxima SpA\" \/>\n<meta property=\"og:description\" content=\"\u00a0\u201cTrade Marketing e Distribuzione B2B: il caso Maxima SpA\u201d \u00e8 la tesi con cui la nostra Valeria Turri ha conseguito la laurea con 110 e Lode\" \/>\n<meta property=\"og:url\" content=\"https:\/\/www.maxima-dia.com\/it\/ad-maiora-valeria\/\" \/>\n<meta property=\"og:site_name\" content=\"Maxima SpA\" \/>\n<meta property=\"article:publisher\" content=\"https:\/\/www.facebook.com\/Maxima-spa-106098566139597\" \/>\n<meta property=\"article:published_time\" content=\"2021-04-30T07:51:19+00:00\" \/>\n<meta property=\"og:image\" content=\"https:\/\/www.maxima-dia.com\/wp-content\/uploads\/2021\/04\/VALERIA-TURRI-LAUREA-15-04-2021_DSC0100-fondale-Maxima.jpg\" \/>\n\t<meta property=\"og:image:width\" content=\"4166\" \/>\n\t<meta property=\"og:image:height\" content=\"5745\" \/>\n\t<meta property=\"og:image:type\" content=\"image\/jpeg\" \/>\n<meta name=\"author\" content=\"Stefano Troilo\" \/>\n<meta name=\"twitter:card\" content=\"summary_large_image\" \/>\n<meta name=\"twitter:creator\" content=\"@Maximadia\" \/>\n<meta name=\"twitter:site\" content=\"@Maximadia\" \/>\n<meta name=\"twitter:label1\" content=\"Scritto da\" \/>\n\t<meta name=\"twitter:data1\" content=\"Stefano Troilo\" \/>\n\t<meta name=\"twitter:label2\" content=\"Tempo di lettura stimato\" \/>\n\t<meta name=\"twitter:data2\" content=\"2 minuti\" \/>\n<script type=\"application\/ld+json\" class=\"yoast-schema-graph\">{\"@context\":\"https:\/\/schema.org\",\"@graph\":[{\"@type\":\"WebPage\",\"@id\":\"https:\/\/www.maxima-dia.com\/it\/ad-maiora-valeria\/\",\"url\":\"https:\/\/www.maxima-dia.com\/it\/ad-maiora-valeria\/\",\"name\":\"Ad maiora, Valeria! - Maxima SpA\",\"isPartOf\":{\"@id\":\"https:\/\/www.maxima-dia.com\/it\/#website\"},\"primaryImageOfPage\":{\"@id\":\"https:\/\/www.maxima-dia.com\/it\/ad-maiora-valeria\/#primaryimage\"},\"image\":{\"@id\":\"https:\/\/www.maxima-dia.com\/it\/ad-maiora-valeria\/#primaryimage\"},\"thumbnailUrl\":\"https:\/\/www.maxima-dia.com\/wp-content\/uploads\/2021\/04\/VALERIA-TURRI-LAUREA-15-04-2021_DSC0100-fondale-Maxima.jpg\",\"datePublished\":\"2021-04-30T07:51:19+00:00\",\"author\":{\"@id\":\"https:\/\/www.maxima-dia.com\/it\/#\/schema\/person\/41641558329a118dd4c4d0417dc5549b\"},\"description\":\"\u00a0\u201cTrade Marketing e Distribuzione B2B: il caso Maxima SpA\u201d \u00e8 la tesi con cui la nostra Valeria Turri ha conseguito la laurea con 110 e Lode\",\"breadcrumb\":{\"@id\":\"https:\/\/www.maxima-dia.com\/it\/ad-maiora-valeria\/#breadcrumb\"},\"inLanguage\":\"it-IT\",\"potentialAction\":[{\"@type\":\"ReadAction\",\"target\":[\"https:\/\/www.maxima-dia.com\/it\/ad-maiora-valeria\/\"]}]},{\"@type\":\"ImageObject\",\"inLanguage\":\"it-IT\",\"@id\":\"https:\/\/www.maxima-dia.com\/it\/ad-maiora-valeria\/#primaryimage\",\"url\":\"https:\/\/www.maxima-dia.com\/wp-content\/uploads\/2021\/04\/VALERIA-TURRI-LAUREA-15-04-2021_DSC0100-fondale-Maxima.jpg\",\"contentUrl\":\"https:\/\/www.maxima-dia.com\/wp-content\/uploads\/2021\/04\/VALERIA-TURRI-LAUREA-15-04-2021_DSC0100-fondale-Maxima.jpg\",\"width\":4166,\"height\":5745},{\"@type\":\"BreadcrumbList\",\"@id\":\"https:\/\/www.maxima-dia.com\/it\/ad-maiora-valeria\/#breadcrumb\",\"itemListElement\":[{\"@type\":\"ListItem\",\"position\":1,\"name\":\"Home\",\"item\":\"https:\/\/www.maxima-dia.com\/it\/\"},{\"@type\":\"ListItem\",\"position\":2,\"name\":\"Ad maiora, Valeria!\"}]},{\"@type\":\"WebSite\",\"@id\":\"https:\/\/www.maxima-dia.com\/it\/#website\",\"url\":\"https:\/\/www.maxima-dia.com\/it\/\",\"name\":\"Maxima SpA\",\"description\":\"Only for the real professionals\",\"potentialAction\":[{\"@type\":\"SearchAction\",\"target\":{\"@type\":\"EntryPoint\",\"urlTemplate\":\"https:\/\/www.maxima-dia.com\/it\/?s={search_term_string}\"},\"query-input\":{\"@type\":\"PropertyValueSpecification\",\"valueRequired\":true,\"valueName\":\"search_term_string\"}}],\"inLanguage\":\"it-IT\"},{\"@type\":\"Person\",\"@id\":\"https:\/\/www.maxima-dia.com\/it\/#\/schema\/person\/41641558329a118dd4c4d0417dc5549b\",\"name\":\"Stefano Troilo\",\"image\":{\"@type\":\"ImageObject\",\"inLanguage\":\"it-IT\",\"@id\":\"https:\/\/www.maxima-dia.com\/it\/#\/schema\/person\/image\/\",\"url\":\"https:\/\/secure.gravatar.com\/avatar\/d783b211fab2e65682c97b7e8fa5e037?s=96&d=blank&r=g\",\"contentUrl\":\"https:\/\/secure.gravatar.com\/avatar\/d783b211fab2e65682c97b7e8fa5e037?s=96&d=blank&r=g\",\"caption\":\"Stefano Troilo\"},\"url\":\"https:\/\/www.maxima-dia.com\/it\/author\/stefano\/\"}]}<\/script>\n<!-- \/ Yoast SEO plugin. -->","yoast_head_json":{"title":"Ad maiora, Valeria! - Maxima SpA","description":"\u00a0\u201cTrade Marketing e Distribuzione B2B: il caso Maxima SpA\u201d \u00e8 la tesi con cui la nostra Valeria Turri ha conseguito la laurea con 110 e Lode","robots":{"index":"index","follow":"follow","max-snippet":"max-snippet:-1","max-image-preview":"max-image-preview:large","max-video-preview":"max-video-preview:-1"},"canonical":"https:\/\/www.maxima-dia.com\/it\/ad-maiora-valeria\/","og_locale":"it_IT","og_type":"article","og_title":"Ad maiora, Valeria! - Maxima SpA","og_description":"\u00a0\u201cTrade Marketing e Distribuzione B2B: il caso Maxima SpA\u201d \u00e8 la tesi con cui la nostra Valeria Turri ha conseguito la laurea con 110 e Lode","og_url":"https:\/\/www.maxima-dia.com\/it\/ad-maiora-valeria\/","og_site_name":"Maxima SpA","article_publisher":"https:\/\/www.facebook.com\/Maxima-spa-106098566139597","article_published_time":"2021-04-30T07:51:19+00:00","og_image":[{"width":4166,"height":5745,"url":"https:\/\/www.maxima-dia.com\/wp-content\/uploads\/2021\/04\/VALERIA-TURRI-LAUREA-15-04-2021_DSC0100-fondale-Maxima.jpg","type":"image\/jpeg"}],"author":"Stefano Troilo","twitter_card":"summary_large_image","twitter_creator":"@Maximadia","twitter_site":"@Maximadia","twitter_misc":{"Scritto da":"Stefano Troilo","Tempo di lettura stimato":"2 minuti"},"schema":{"@context":"https:\/\/schema.org","@graph":[{"@type":"WebPage","@id":"https:\/\/www.maxima-dia.com\/it\/ad-maiora-valeria\/","url":"https:\/\/www.maxima-dia.com\/it\/ad-maiora-valeria\/","name":"Ad maiora, Valeria! - Maxima SpA","isPartOf":{"@id":"https:\/\/www.maxima-dia.com\/it\/#website"},"primaryImageOfPage":{"@id":"https:\/\/www.maxima-dia.com\/it\/ad-maiora-valeria\/#primaryimage"},"image":{"@id":"https:\/\/www.maxima-dia.com\/it\/ad-maiora-valeria\/#primaryimage"},"thumbnailUrl":"https:\/\/www.maxima-dia.com\/wp-content\/uploads\/2021\/04\/VALERIA-TURRI-LAUREA-15-04-2021_DSC0100-fondale-Maxima.jpg","datePublished":"2021-04-30T07:51:19+00:00","author":{"@id":"https:\/\/www.maxima-dia.com\/it\/#\/schema\/person\/41641558329a118dd4c4d0417dc5549b"},"description":"\u00a0\u201cTrade Marketing e Distribuzione B2B: il caso Maxima SpA\u201d \u00e8 la tesi con cui la nostra Valeria Turri ha conseguito la laurea con 110 e Lode","breadcrumb":{"@id":"https:\/\/www.maxima-dia.com\/it\/ad-maiora-valeria\/#breadcrumb"},"inLanguage":"it-IT","potentialAction":[{"@type":"ReadAction","target":["https:\/\/www.maxima-dia.com\/it\/ad-maiora-valeria\/"]}]},{"@type":"ImageObject","inLanguage":"it-IT","@id":"https:\/\/www.maxima-dia.com\/it\/ad-maiora-valeria\/#primaryimage","url":"https:\/\/www.maxima-dia.com\/wp-content\/uploads\/2021\/04\/VALERIA-TURRI-LAUREA-15-04-2021_DSC0100-fondale-Maxima.jpg","contentUrl":"https:\/\/www.maxima-dia.com\/wp-content\/uploads\/2021\/04\/VALERIA-TURRI-LAUREA-15-04-2021_DSC0100-fondale-Maxima.jpg","width":4166,"height":5745},{"@type":"BreadcrumbList","@id":"https:\/\/www.maxima-dia.com\/it\/ad-maiora-valeria\/#breadcrumb","itemListElement":[{"@type":"ListItem","position":1,"name":"Home","item":"https:\/\/www.maxima-dia.com\/it\/"},{"@type":"ListItem","position":2,"name":"Ad maiora, Valeria!"}]},{"@type":"WebSite","@id":"https:\/\/www.maxima-dia.com\/it\/#website","url":"https:\/\/www.maxima-dia.com\/it\/","name":"Maxima SpA","description":"Only for the real professionals","potentialAction":[{"@type":"SearchAction","target":{"@type":"EntryPoint","urlTemplate":"https:\/\/www.maxima-dia.com\/it\/?s={search_term_string}"},"query-input":{"@type":"PropertyValueSpecification","valueRequired":true,"valueName":"search_term_string"}}],"inLanguage":"it-IT"},{"@type":"Person","@id":"https:\/\/www.maxima-dia.com\/it\/#\/schema\/person\/41641558329a118dd4c4d0417dc5549b","name":"Stefano Troilo","image":{"@type":"ImageObject","inLanguage":"it-IT","@id":"https:\/\/www.maxima-dia.com\/it\/#\/schema\/person\/image\/","url":"https:\/\/secure.gravatar.com\/avatar\/d783b211fab2e65682c97b7e8fa5e037?s=96&d=blank&r=g","contentUrl":"https:\/\/secure.gravatar.com\/avatar\/d783b211fab2e65682c97b7e8fa5e037?s=96&d=blank&r=g","caption":"Stefano Troilo"},"url":"https:\/\/www.maxima-dia.com\/it\/author\/stefano\/"}]}},"_links":{"self":[{"href":"https:\/\/www.maxima-dia.com\/it\/wp-json\/wp\/v2\/posts\/27797"}],"collection":[{"href":"https:\/\/www.maxima-dia.com\/it\/wp-json\/wp\/v2\/posts"}],"about":[{"href":"https:\/\/www.maxima-dia.com\/it\/wp-json\/wp\/v2\/types\/post"}],"author":[{"embeddable":true,"href":"https:\/\/www.maxima-dia.com\/it\/wp-json\/wp\/v2\/users\/30"}],"replies":[{"embeddable":true,"href":"https:\/\/www.maxima-dia.com\/it\/wp-json\/wp\/v2\/comments?post=27797"}],"version-history":[{"count":0,"href":"https:\/\/www.maxima-dia.com\/it\/wp-json\/wp\/v2\/posts\/27797\/revisions"}],"wp:featuredmedia":[{"embeddable":true,"href":"https:\/\/www.maxima-dia.com\/it\/wp-json\/wp\/v2\/media\/27798"}],"wp:attachment":[{"href":"https:\/\/www.maxima-dia.com\/it\/wp-json\/wp\/v2\/media?parent=27797"}],"wp:term":[{"taxonomy":"category","embeddable":true,"href":"https:\/\/www.maxima-dia.com\/it\/wp-json\/wp\/v2\/categories?post=27797"},{"taxonomy":"post_tag","embeddable":true,"href":"https:\/\/www.maxima-dia.com\/it\/wp-json\/wp\/v2\/tags?post=27797"}],"curies":[{"name":"wp","href":"https:\/\/api.w.org\/{rel}","templated":true}]}}